{"id":2185,"date":"2024-12-06T20:07:32","date_gmt":"2024-12-06T19:07:32","guid":{"rendered":"https:\/\/skkoprivnice.cz\/?p=2185"},"modified":"2024-12-06T20:07:33","modified_gmt":"2024-12-06T19:07:33","slug":"zimni-pohar-cr-jedenactileteho-zactva","status":"publish","type":"post","link":"https:\/\/skkoprivnice.cz\/?p=2185","title":{"rendered":"Zimn\u00ed poh\u00e1r \u010cR jeden\u00e1ctilet\u00e9ho \u017eactva"},"content":{"rendered":"\n<p>V sobotu 30.11.2024 se K\u00e1ja Kub\u00e1\u010dov\u00e1 vydala do Hodon\u00edna na Zimn\u00ed poh\u00e1r \u010cR jeden\u00e1ctilet\u00e9ho \u017eactva &#8211; \u010d\u00e1st Morava!!\ud83d\udc9a<\/p>\n\n\n\n<p>K\u00e1ja se v leto\u0161n\u00ed sez\u00f3n\u011b z\u00fa\u010dastnila v\u016fbec sv\u00fdch prvn\u00edch z\u00e1vod\u016f a nominace na poh\u00e1r byla pro ni odm\u011bnou za p\u00edli na tr\u00e9ninc\u00edch a velkou zku\u0161enost\u00ed. Zaplavala si dva starty a v jednom si dok\u00e1zala vylep\u0161it sv\u00e9 osobn\u00ed maximum. Nejl\u00e9pe se um\u00edstila v discipl\u00edn\u011b 800vz kde skon\u010dila 11. na trati 50vz brala 30. p\u0159\u00ed\u010dku!!<br>Jarda se z\u00e1vod\u016f z d\u016fvodu nemoci bohu\u017eel nez\u00fa\u010dastnil.<\/p>\n\n\n\n<p>Gratulujeme k p\u0159edveden\u00fdm v\u00fdsledk\u016fm a d\u011bkujeme za vzornou reprezentaci!!\ud83d\udc9a<\/p>\n\n\n\n<figure class=\"wp-block-image size-large\"><img loading=\"lazy\" width=\"768\" height=\"1024\" src=\"https:\/\/skkoprivnice.cz\/wp-content\/uploads\/2024\/12\/IMG_2722-768x1024.jpeg\" alt=\"\" class=\"wp-image-2186\" srcset=\"https:\/\/skkoprivnice.cz\/wp-content\/uploads\/2024\/12\/IMG_2722-768x1024.jpeg 768w, https:\/\/skkoprivnice.cz\/wp-content\/uploads\/2024\/12\/IMG_2722-225x300.jpeg 225w, https:\/\/skkoprivnice.cz\/wp-content\/uploads\/2024\/12\/IMG_2722-1152x1536.jpeg 1152w, https:\/\/skkoprivnice.cz\/wp-content\/uploads\/2024\/12\/IMG_2722-1536x2048.jpeg 1536w, https:\/\/skkoprivnice.cz\/wp-content\/uploads\/2024\/12\/IMG_2722-scaled.jpeg 1920w\" sizes=\"(max-width: 768px) 100vw, 768px\" \/><\/figure>\n","protected":false},"excerpt":{"rendered":"<p>V sobotu 30.11.2024 se K\u00e1ja Kub\u00e1\u010dov\u00e1 vydala do Hodon\u00edna na Zimn\u00ed poh\u00e1r \u010cR jeden\u00e1ctilet\u00e9ho \u017eactva &#8211; \u010d\u00e1st Morava!!\ud83d\udc9a K\u00e1ja se<\/p>\n","protected":false},"author":1,"featured_media":0,"comment_status":"closed","ping_status":"open","sticky":false,"template":"","format":"standard","meta":[],"categories":[17],"tags":[],"_links":{"self":[{"href":"https:\/\/skkoprivnice.cz\/index.php?rest_route=\/wp\/v2\/posts\/2185"}],"collection":[{"href":"https:\/\/skkoprivnice.cz\/index.php?rest_route=\/wp\/v2\/posts"}],"about":[{"href":"https:\/\/skkoprivnice.cz\/index.php?rest_route=\/wp\/v2\/types\/post"}],"author":[{"embeddable":true,"href":"https:\/\/skkoprivnice.cz\/index.php?rest_route=\/wp\/v2\/users\/1"}],"replies":[{"embeddable":true,"href":"https:\/\/skkoprivnice.cz\/index.php?rest_route=%2Fwp%2Fv2%2Fcomments&post=2185"}],"version-history":[{"count":1,"href":"https:\/\/skkoprivnice.cz\/index.php?rest_route=\/wp\/v2\/posts\/2185\/revisions"}],"predecessor-version":[{"id":2187,"href":"https:\/\/skkoprivnice.cz\/index.php?rest_route=\/wp\/v2\/posts\/2185\/revisions\/2187"}],"wp:attachment":[{"href":"https:\/\/skkoprivnice.cz\/index.php?rest_route=%2Fwp%2Fv2%2Fmedia&parent=2185"}],"wp:term":[{"taxonomy":"category","embeddable":true,"href":"https:\/\/skkoprivnice.cz\/index.php?rest_route=%2Fwp%2Fv2%2Fcategories&post=2185"},{"taxonomy":"post_tag","embeddable":true,"href":"https:\/\/skkoprivnice.cz\/index.php?rest_route=%2Fwp%2Fv2%2Ftags&post=2185"}],"curies":[{"name":"wp","href":"https:\/\/api.w.org\/{rel}","templated":true}]}}