{"id":1628,"date":"2023-03-02T16:24:05","date_gmt":"2023-03-02T15:24:05","guid":{"rendered":"https:\/\/skkoprivnice.cz\/?p=1628"},"modified":"2023-04-24T16:04:20","modified_gmt":"2023-04-24T14:04:20","slug":"semifinale-mcr-druzstev-skupina-b","status":"publish","type":"post","link":"https:\/\/skkoprivnice.cz\/?p=1628","title":{"rendered":"Semifin\u00e1le M\u010cR dru\u017estev 2023 &#8211; skupina B"},"content":{"rendered":"\n<p>Do semifin\u00e1le dru\u017estev, kter\u00e9 se konalo o v\u00edkendu 25. \u2013 26.2.2023 na pades\u00e1timetrov\u00e9m baz\u00e9n\u011b ve Zl\u00edn\u011b, se probojovalo dru\u017estvo \u017een z&nbsp;SK Kop\u0159ivnice. Do Zl\u00edna odjely ve slo\u017een\u00ed Michaela Babincov\u00e1, Am\u00e1lie Dvo\u0159\u00e1kov\u00e1, Nikola Chovane\u010dkov\u00e1, \u0160\u00e1rka Jadrn\u00ed\u010dkov\u00e1, Barbora Jal\u016fvkov\u00e1, Ad\u00e9la Ka\u0161p\u00e1rkov\u00e1, Nelly Sudov\u00e1 a Vendula Schwarzov\u00e1. &nbsp;<\/p>\n\n\n\n<p>Zaplavaly si nov\u00e9 osobn\u00ed rekordy a posb\u00edraly soustu nov\u00fdch zku\u0161enost\u00ed. V&nbsp;celkov\u00e9m hodnocen\u00ed dok\u00e1zaly z\u00edskat 11724 FINA bod\u016f, \u010d\u00edm\u017e si zajistily skv\u011bl\u00e9 13. m\u00edsto.<\/p>\n\n\n\n<p>Gratulujeme k&nbsp;v\u00fdsledk\u016fm a d\u011bkujeme za reprezentaci klubu!<\/p>\n\n\n\n<p><\/p>\n\n\n\n<p class=\"has-text-align-center\"><img loading=\"lazy\" width=\"2560\" height=\"1921\" class=\"wp-image-1629\" style=\"width: 1000px;\" src=\"https:\/\/skkoprivnice.cz\/wp-content\/uploads\/2023\/03\/zlin1-scaled.jpg\" alt=\"\" srcset=\"https:\/\/skkoprivnice.cz\/wp-content\/uploads\/2023\/03\/zlin1-scaled.jpg 2560w, https:\/\/skkoprivnice.cz\/wp-content\/uploads\/2023\/03\/zlin1-300x225.jpg 300w, https:\/\/skkoprivnice.cz\/wp-content\/uploads\/2023\/03\/zlin1-1024x768.jpg 1024w, https:\/\/skkoprivnice.cz\/wp-content\/uploads\/2023\/03\/zlin1-768x576.jpg 768w, https:\/\/skkoprivnice.cz\/wp-content\/uploads\/2023\/03\/zlin1-1536x1152.jpg 1536w, https:\/\/skkoprivnice.cz\/wp-content\/uploads\/2023\/03\/zlin1-2048x1537.jpg 2048w\" sizes=\"(max-width: 2560px) 100vw, 2560px\" \/><\/p>\n","protected":false},"excerpt":{"rendered":"<p>Do semifin\u00e1le dru\u017estev, kter\u00e9 se konalo o v\u00edkendu 25. \u2013 26.2.2023 na pades\u00e1timetrov\u00e9m baz\u00e9n\u011b ve Zl\u00edn\u011b, se probojovalo dru\u017estvo \u017een<\/p>\n","protected":false},"author":1,"featured_media":1629,"comment_status":"closed","ping_status":"open","sticky":false,"template":"","format":"standard","meta":[],"categories":[17],"tags":[6],"_links":{"self":[{"href":"https:\/\/skkoprivnice.cz\/index.php?rest_route=\/wp\/v2\/posts\/1628"}],"collection":[{"href":"https:\/\/skkoprivnice.cz\/index.php?rest_route=\/wp\/v2\/posts"}],"about":[{"href":"https:\/\/skkoprivnice.cz\/index.php?rest_route=\/wp\/v2\/types\/post"}],"author":[{"embeddable":true,"href":"https:\/\/skkoprivnice.cz\/index.php?rest_route=\/wp\/v2\/users\/1"}],"replies":[{"embeddable":true,"href":"https:\/\/skkoprivnice.cz\/index.php?rest_route=%2Fwp%2Fv2%2Fcomments&post=1628"}],"version-history":[{"count":3,"href":"https:\/\/skkoprivnice.cz\/index.php?rest_route=\/wp\/v2\/posts\/1628\/revisions"}],"predecessor-version":[{"id":1705,"href":"https:\/\/skkoprivnice.cz\/index.php?rest_route=\/wp\/v2\/posts\/1628\/revisions\/1705"}],"wp:featuredmedia":[{"embeddable":true,"href":"https:\/\/skkoprivnice.cz\/index.php?rest_route=\/wp\/v2\/media\/1629"}],"wp:attachment":[{"href":"https:\/\/skkoprivnice.cz\/index.php?rest_route=%2Fwp%2Fv2%2Fmedia&parent=1628"}],"wp:term":[{"taxonomy":"category","embeddable":true,"href":"https:\/\/skkoprivnice.cz\/index.php?rest_route=%2Fwp%2Fv2%2Fcategories&post=1628"},{"taxonomy":"post_tag","embeddable":true,"href":"https:\/\/skkoprivnice.cz\/index.php?rest_route=%2Fwp%2Fv2%2Ftags&post=1628"}],"curies":[{"name":"wp","href":"https:\/\/api.w.org\/{rel}","templated":true}]}}